{"id":7349,"date":"2025-08-25T09:55:33","date_gmt":"2025-08-25T08:55:33","guid":{"rendered":"https:\/\/ultimapackrafts.cz\/?p=7349"},"modified":"2025-08-25T09:55:33","modified_gmt":"2025-08-25T08:55:33","slug":"packraft-meetup-2025","status":"publish","type":"post","link":"https:\/\/ultimapackrafts.cz\/en\/packraft-meetup-2025\/","title":{"rendered":"PACKRAFT MEET UP 2025"},"content":{"rendered":"<div class=\"xdj266r x11i5rnm xat24cr x1mh8g0r x1vvkbs x126k92a\">\n<div dir=\"auto\"><img decoding=\"async\" class=\"size-large wp-image-7350 aligncenter\" src=\"https:\/\/ultimapackrafts.cz\/wp-content\/uploads\/2025\/08\/ChatGPT-Image-16.-8.-2025-14_02_16-683x1024.png\" alt=\"\" width=\"683\" height=\"1024\" srcset=\"https:\/\/ultimapackrafts.cz\/wp-content\/uploads\/2025\/08\/ChatGPT-Image-16.-8.-2025-14_02_16-8x12.png 8w, https:\/\/ultimapackrafts.cz\/wp-content\/uploads\/2025\/08\/ChatGPT-Image-16.-8.-2025-14_02_16-200x300.png 200w, https:\/\/ultimapackrafts.cz\/wp-content\/uploads\/2025\/08\/ChatGPT-Image-16.-8.-2025-14_02_16-400x600.png 400w, https:\/\/ultimapackrafts.cz\/wp-content\/uploads\/2025\/08\/ChatGPT-Image-16.-8.-2025-14_02_16-500x750.png 500w, https:\/\/ultimapackrafts.cz\/wp-content\/uploads\/2025\/08\/ChatGPT-Image-16.-8.-2025-14_02_16-600x900.png 600w, https:\/\/ultimapackrafts.cz\/wp-content\/uploads\/2025\/08\/ChatGPT-Image-16.-8.-2025-14_02_16-683x1024.png 683w, https:\/\/ultimapackrafts.cz\/wp-content\/uploads\/2025\/08\/ChatGPT-Image-16.-8.-2025-14_02_16-700x1050.png 700w, https:\/\/ultimapackrafts.cz\/wp-content\/uploads\/2025\/08\/ChatGPT-Image-16.-8.-2025-14_02_16-768x1152.png 768w, https:\/\/ultimapackrafts.cz\/wp-content\/uploads\/2025\/08\/ChatGPT-Image-16.-8.-2025-14_02_16-800x1200.png 800w, https:\/\/ultimapackrafts.cz\/wp-content\/uploads\/2025\/08\/ChatGPT-Image-16.-8.-2025-14_02_16.png 1024w\" sizes=\"(max-width: 683px) 100vw, 683px\" \/><\/div>\n<div dir=\"auto\">\n<p>V\u0161echny p\u0159\u00e1tele packraftingu zveme na p\u0159\u00e1telsk\u00e9 setk\u00e1n\u00ed, kter\u00e9mu se v\u0161ude v packraftov\u00e9m sv\u011bt\u011b \u0159\u00edk\u00e1 meetup, a to na m\u00edsto t\u00e9m\u011b\u0159 posv\u00e1tn\u00e9.<\/p>\n<p><strong>Od p\u00e1tku 17.10. 2025 do ned\u011ble 19.10.2025<\/strong> se sejdeme p\u0159\u00edmo v\u00a0legend\u00e1rn\u00ed <strong>Slune\u010dn\u00ed z\u00e1toce<\/strong>, kam Rikitan zavedl Lu\u010fka, Mirka, Ticho\u0161l\u00e1pka, Pir\u00e1ta, Kyti\u010dk\u00e1\u0159e a dal\u0161\u00ed hochy, aby zde spole\u010dn\u011b se Zelenou p\u0159\u00ed\u0161erou odehr\u00e1li podstatnou \u010d\u00e1st slavn\u00e9 knihy Jaroslava Foglara, Ho\u0161i od Bob\u0159\u00ed \u0159eky. Ve skute\u010dn\u00e9m nekni\u017en\u00edm sv\u011bt\u011b zde s\u00e1m Jest\u0159\u00e1b mezi dvac\u00e1t\u00fdmi lety minul\u00e9ho tis\u00edcilet\u00ed a v\u00e1lkou sv\u011btovou ka\u017ed\u00e9 l\u00e9to t\u00e1bo\u0159il se sv\u00fdm odd\u00edlem Pra\u017esk\u00e1 dvojka.<\/p>\n<p>Slune\u010dn\u00ed z\u00e1toka se nach\u00e1z\u00ed p\u0159\u00edmo na Zlat\u00e9 \u0159ece, jak trampov\u00e9 od nepam\u011bti naz\u00fdvaj\u00ed S\u00e1zavu. Na proud S\u00e1zavy hled\u00ed ze sv\u00e9ho 132. \u0159\u00ed\u010dn\u00edho kilometru. Jen kousek proti proudu bou\u0159\u00ed kr\u00e1sn\u00e9 s\u00e1zavsk\u00e9 pe\u0159eje Stvo\u0159idla, kousek po proudu je pak Lede\u010d nad S\u00e1zavou.<\/p>\n<p>Kulisy pro meetup p\u0159\u00edmo stvo\u0159en\u00e9.<\/p>\n<p>Ne\u010dekejte v\u0161ak \u017e\u00e1dn\u00e9 velk\u00e9 dov\u00e1d\u011bn\u00ed na divok\u00e9 vod\u011b, sk\u00e1k\u00e1n\u00ed vodop\u00e1d\u016f, ani proj\u00ed\u017ed\u011bn\u00ed ukrutn\u00fdch v\u00e1lc\u016f. Sp\u00ed\u0161 ope\u010deme p\u00e1r bu\u0159t\u016f, sn\u00edme prase, vypijeme pivo a zazp\u00edv\u00e1me si tam, kde zn\u011bla Rikitanova p\u00edse\u0148 beze slov.<\/p>\n<p>A mezit\u00edm se svezeme na Zlat\u00e9 \u0159ece.<\/p>\n<h3><strong>Kde?<\/strong><\/h3>\n<p><a href=\"https:\/\/www.slunecnizatoka.cz\/\" target=\"_blank\" rel=\"noopener\">https:\/\/www.slunecnizatoka.cz\/<\/a><\/p>\n<p><a href=\"https:\/\/mapy.com\/s\/cefomupuvo\" target=\"_blank\" rel=\"noopener\">https:\/\/mapy.com\/s\/cefomupuvo<\/a><\/p>\n<h3><strong>Program?<\/strong><\/h3>\n<p><strong>P\u00e1tek<\/strong><\/p>\n<p>V\u00a0odpoledn\u00edch hodin\u00e1ch p\u0159\u00edjezd do z\u00e1toky.<\/p>\n<p>18:00 \u2013 19:00 \u2013 ve\u010de\u0159e<\/p>\n<p>Cca 19:30 \u2013 pov\u00edd\u00e1n\u00ed s\u00a0prom\u00edt\u00e1n\u00edm \u2013 S packrafty na \u0159ece Franklin<\/p>\n<p>Po skon\u010den\u00ed zavlaje dlouho do noci ukrutn\u00fd ohe\u0148 a snad i struny kytar a lib\u00e9 t\u00f3ny jin\u00fdch n\u00e1stroj\u016f jako\u017e i zp\u011bvu do tmy zazn\u011bj\u00ed.<\/p>\n<p><strong>Sobota<\/strong><\/p>\n<p>Po sn\u00eddani putov\u00e1n\u00ed S\u00e1zavou na packraftech. Kdy\u017e Jest\u0159\u00e1b d\u00e1, budou se d\u00e1t sjet Stvo\u0159idla, kdy\u017e d\u00e1 Zelen\u00e1 p\u0159\u00ed\u0161era, pote\u010dou Stvo\u0159idla hodn\u011b (WW III), a kdy\u017e nikdo nic ned\u00e1, vyplujeme klidnou plavbou po proudu p\u0159es Lede\u010d, kam a\u017e se n\u00e1m bude cht\u00edt. N\u00e1vrat zp\u011bt je mo\u017en\u00fd vlakem odkudkoliv (zast\u00e1vka 5 minut ch\u016fze od Z\u00e1toky).<\/p>\n<p>Kdo nebude cht\u00edt plout, je okol\u00ed pro\u0161it\u00e9 par\u00e1dn\u00edmi m\u00edsty na v\u00fdlet. Z\u016fstat je mo\u017en\u00e9 tak\u00e9 v\u00a0are\u00e1lu Slune\u010dn\u00ed z\u00e1toky, kde se lze v\u011bnovat volejbalu, nohejbalu, fotb\u00e1lku, stoln\u00edmu tenisu a tak d\u00e1le.<\/p>\n<p>Ve\u010der cca v\u00a018:00 zavon\u00ed uzen\u00e9 mas\u00ed\u010dko a a\u017e bude sn\u011bdeno, p\u0159ijde na \u0159adu druh\u00e9 prom\u00edt\u00e1n\u00ed a pov\u00edd\u00e1n\u00ed (<strong>250 km \u0161v\u00e9dsk\u00fdm Laponskem<\/strong>) a n\u00e1sledn\u011b z\u00e1v\u011bre\u010dn\u00fd ohe\u0148 ukon\u010duj\u00edc\u00ed nikdy nekon\u010d\u00edc\u00ed packraftovou sezonu.<\/p>\n<p>V\u00a0p\u0159\u00edpad\u011b z\u00e1jmu d\u011btsk\u00fdch \u00fa\u010dastn\u00edk\u016f je no\u010dn\u00ed bojovka po stop\u00e1ch Zelen\u00e9 p\u0159\u00ed\u0161ery samoz\u0159ejmost\u00ed.<\/p>\n<p><strong>Ned\u011ble<\/strong><\/p>\n<p>Po sn\u00eddani odjezd dom\u016f, nebo dal\u0161\u00ed p\u00e1dlov\u00e1n\u00ed na S\u00e1zav\u011b dle chut\u00ed a v\u016fle jednotliv\u00fdch packrafter\u016f.<\/p>\n<h3><strong>Ubytov\u00e1n\u00ed?<\/strong><\/h3>\n<p>Ubytov\u00e1n\u00ed na pokoj\u00edch se spole\u010dn\u00fdm soci\u00e1ln\u00edm za\u0159\u00edzen\u00edm p\u0159\u00edmo v\u00a0are\u00e1lu Slune\u010dn\u00ed z\u00e1toky \u2013 spac\u00e1ky vlastn\u00ed.<\/p>\n<p>Kapacita ubytov\u00e1n\u00ed je 78 osob, co\u017e tedy ne\u010dek\u00e1me, \u017ee bychom naplnili, tud\u00ed\u017e tvorba pokoj\u016f dvoul\u016f\u017ekov\u00fdch pro zamilovan\u00e9 p\u00e1ry bude mo\u017en\u00e1.<\/p>\n<p>Je pot\u0159eba po\u010d\u00edtat s\u00a0t\u00edm, \u017ee na pokoj\u00edch se netop\u00ed. Nicm\u00e9n\u011b na ja\u0159e jsme tu p\u0159e\u017eili v\u00a0pohod\u011b de\u0161tiv\u00fd v\u00edkend s\u00a0teplotami okolo 7 stup\u0148\u016f.<\/p>\n<h3><strong>Stravov\u00e1n\u00ed?<\/strong><\/h3>\n<p>V\u00a0are\u00e1lu nen\u00ed klasick\u00e1 hospoda, te\u010de zde pouze v\u00fdborn\u011b to\u010den\u00e9 pivo a limon\u00e1da.<\/p>\n<p>V\u00a0p\u00e1tek bude k\u00a0dispozici spole\u010dn\u00e1 ve\u010de\u0159e, v\u00a0sobotu se bude udit kopa masa a sn\u00eddan\u011b budou klasick\u00e9.<\/p>\n<p>Pro hladov\u011bj\u0161\u00ed typy je nejbli\u017e\u0161\u00ed hospoda bu\u010f na Stvo\u0159idlech nebo v\u00a0Led\u010di.<\/p>\n<h3><strong>Packrafty?<\/strong><\/h3>\n<p>K\u00a0dispozici budou v\u0161echny modely packraft\u016f Ultima a ROBfin.<\/p>\n<p>Nejedn\u00e1 se nicm\u00e9n\u011b o klasick\u00fd testovac\u00ed den \u2013 sp\u00ed\u0161 si m\u016f\u017eete na S\u00e1zav\u011b vyzkou\u0161et jakoukoliv lo\u010f.<\/p>\n<p>Optim\u00e1ln\u011b ide\u00e1ln\u011b rezervovat packraft na plavbu S\u00e1zavou, aby se na v\u00e1s dostalo:<\/p>\n<p>Ultima \u2013 <a href=\"mailto:vlasek@ultimapackrafts.cz\">vlasek@ultimapackrafts.cz<\/a> &#8211; zdarma<\/p>\n<p>ROBfin &#8211; <a href=\"https:\/\/packrafting.cz\/pujcovna\/\" target=\"_blank\" rel=\"noopener\">https:\/\/packrafting.cz\/pujcovna\/<\/a> \u2013 slevov\u00fd k\u00f3d <strong>MEETUP2025<\/strong>, platn\u00fd pro z\u00e1p\u016fj\u010dku dne 18.10.2025 na \u010d\u00e1stku 500 K\u010d (packraft, p\u00e1dlo vesta)<\/p>\n<p>Vyzvednut\u00ed packraft\u016f v\u00a0sobotu cca 9 \u2013 10 r\u00e1no, vr\u00e1cen\u00ed ide\u00e1ln\u011b p\u0159ed ve\u010de\u0159\u00ed.<\/p>\n<h3><strong>Za kolik?<\/strong><\/h3>\n<p>Meet up p\u0159ijde na <strong>1500 K\u010d <\/strong>a zahrnuje<\/p>\n<ul>\n<li>Ubytov\u00e1n\u00ed na 2 noci<\/li>\n<li>P\u00e1te\u010dn\u00ed ve\u010de\u0159i a sobotn\u00ed maso<\/li>\n<li>Sobotn\u00ed a ned\u011bln\u00ed sn\u00eddani<\/li>\n<\/ul>\n<p>Akce je velmi vhodn\u00e1 tak\u00e9 pro packraftov\u00e9 rodiny s\u00a0d\u011btmi, pro kter\u00e9 je are\u00e1l jak stvo\u0159en\u00fd. D\u011bti budou m\u00edt akci o krapet levn\u011bj\u0161\u00ed, tedy1300 K\u010d.<\/p>\n<p>Pokud by n\u011bkdo cht\u011bl sp\u00e1t pod stanem nebo ve vlastn\u00edm, je to sakumpr\u00e1sk za 1100,- K\u010d.<strong>\u00a0<\/strong><\/p>\n<h3><strong>P\u0159ihl\u00e1\u0161ky<\/strong><\/h3>\n<p>Vzhledem k\u00a0tomu, \u017ee je pot\u0159eba meetup lehce nachystat, zejm\u00e9na pokud jde o ubytov\u00e1n\u00ed a stravov\u00e1n\u00ed, je t\u0159eba se p\u0159ihl\u00e1sit a n\u00e1sledn\u011b zaplatit z\u00e1lohu <strong>1000 K\u010d<\/strong>, a to nejpozd\u011bji do <strong>10.10.2025.<\/strong><\/p>\n<p>V\u00a0p\u0159\u00edpad\u011b, \u017ee se n\u00e1sledn\u011b akce nez\u00fa\u010dastn\u00edte, z\u00e1loha bohu\u017eel propad\u00e1.<\/p>\n<p>P\u0159ihl\u00e1\u0161ky pros\u00edme na mail <a href=\"mailto:vlasek@ultimapackrafts.cz\">vlasek@ultimapackrafts.cz<\/a>.<\/p>\n<p>&nbsp;<\/p>\n<blockquote>\n<p style=\"text-align: left;\"><em>&#8220;Slune\u010dn\u00ed z\u00e1toko, rozsv\u011btli se jasem slunce i kouzeln\u00fdm svitem m\u011bs\u00edce! Vy pe\u0159eje tam naho\u0159e, rozezp\u00edvejte se p\u00edsn\u00ed, jen n\u00e1m srozumitelnou! Lesy a louky vy na\u0161e drah\u00e9, rozvo\u0148te se v\u016fn\u00ed omamnou! Du\u0161e hoch\u016f na\u0161ich, rozkve\u0165te kv\u011bty nej\u010dist\u0161\u00edmi.&#8221;<\/em><\/p>\n<p style=\"text-align: left;\"><em>Jaroslav Foglar<\/em><\/p>\n<\/blockquote>\n<\/div>\n<\/div>\n<div>\n<div dir=\"auto\"><\/div>\n<div dir=\"auto\">\n<p>&nbsp;<\/p>\n<\/div>\n<\/div>\n<p>&nbsp;<\/p>","protected":false},"excerpt":{"rendered":"<p>We invite all packrafting enthusiasts to a friendly gathering, known throughout the packrafting world as a meetup, at a location that is almost sacred. From Friday, October 17, 2025, to Sunday, October 19, 2025, we will meet right in the legendary Sun Bay, where Rikitan took Lu\u010fek, Mirek, Ticho\u0161l\u00e1pek, Pir\u00e1t, Kyti\u010dk\u00e1\u0159, and other boys to join ...<\/p>","protected":false},"author":1,"featured_media":7350,"comment_status":"open","ping_status":"open","sticky":false,"template":"","format":"standard","meta":{"_acf_changed":false,"footnotes":""},"categories":[42],"tags":[],"class_list":["post-7349","post","type-post","status-publish","format-standard","has-post-thumbnail","hentry","category-blog"],"acf":[],"_links":{"self":[{"href":"https:\/\/ultimapackrafts.cz\/en\/wp-json\/wp\/v2\/posts\/7349","targetHints":{"allow":["GET"]}}],"collection":[{"href":"https:\/\/ultimapackrafts.cz\/en\/wp-json\/wp\/v2\/posts"}],"about":[{"href":"https:\/\/ultimapackrafts.cz\/en\/wp-json\/wp\/v2\/types\/post"}],"author":[{"embeddable":true,"href":"https:\/\/ultimapackrafts.cz\/en\/wp-json\/wp\/v2\/users\/1"}],"replies":[{"embeddable":true,"href":"https:\/\/ultimapackrafts.cz\/en\/wp-json\/wp\/v2\/comments?post=7349"}],"version-history":[{"count":1,"href":"https:\/\/ultimapackrafts.cz\/en\/wp-json\/wp\/v2\/posts\/7349\/revisions"}],"predecessor-version":[{"id":7351,"href":"https:\/\/ultimapackrafts.cz\/en\/wp-json\/wp\/v2\/posts\/7349\/revisions\/7351"}],"wp:featuredmedia":[{"embeddable":true,"href":"https:\/\/ultimapackrafts.cz\/en\/wp-json\/wp\/v2\/media\/7350"}],"wp:attachment":[{"href":"https:\/\/ultimapackrafts.cz\/en\/wp-json\/wp\/v2\/media?parent=7349"}],"wp:term":[{"taxonomy":"category","embeddable":true,"href":"https:\/\/ultimapackrafts.cz\/en\/wp-json\/wp\/v2\/categories?post=7349"},{"taxonomy":"post_tag","embeddable":true,"href":"https:\/\/ultimapackrafts.cz\/en\/wp-json\/wp\/v2\/tags?post=7349"}],"curies":[{"name":"wp","href":"https:\/\/api.w.org\/{rel}","templated":true}]}}