{"id":2812,"date":"2024-03-05T19:11:14","date_gmt":"2024-03-05T18:11:14","guid":{"rendered":"https:\/\/ultimapackrafts.cz\/?p=2812"},"modified":"2025-11-12T11:49:59","modified_gmt":"2025-11-12T10:49:59","slug":"packraft-eddy-sb-na-zamrzlem-mori","status":"publish","type":"post","link":"https:\/\/ultimapackrafts.cz\/en\/packraft-eddy-sb-na-zamrzlem-mori\/","title":{"rendered":"Packraft Eddy SB on frozen sea"},"content":{"rendered":"<div class=\"fusion-fullwidth fullwidth-box fusion-builder-row-1 fusion-flex-container nonhundred-percent-fullwidth non-hundred-percent-height-scrolling\" style=\"--awb-border-radius-top-left:0px;--awb-border-radius-top-right:0px;--awb-border-radius-bottom-right:0px;--awb-border-radius-bottom-left:0px;--awb-flex-wrap:wrap;\" ><div class=\"fusion-builder-row fusion-row fusion-flex-align-items-flex-start fusion-flex-content-wrap\" style=\"max-width:1248px;margin-left: calc(-4% \/ 2 );margin-right: calc(-4% \/ 2 );\"><div class=\"fusion-layout-column fusion_builder_column fusion-builder-column-0 fusion_builder_column_1_1 1_1 fusion-flex-column\" style=\"--awb-bg-blend:overlay;--awb-bg-size:cover;--awb-width-large:100%;--awb-margin-top-large:0px;--awb-spacing-right-large:1.92%;--awb-margin-bottom-large:0px;--awb-spacing-left-large:1.92%;--awb-width-medium:100%;--awb-spacing-right-medium:1.92%;--awb-spacing-left-medium:1.92%;--awb-width-small:100%;--awb-spacing-right-small:1.92%;--awb-spacing-left-small:1.92%;\"><div class=\"fusion-column-wrapper fusion-flex-justify-content-flex-start fusion-content-layout-column\"><div class=\"fusion-text fusion-text-1\"><p>Selfbailer<a href=\"https:\/\/ultimapackrafts.cz\/eddy-sb\/\"> Eddy SB<\/a> jsme testovali v \u00fanoru v nezvykl\u00fdch podm\u00ednk\u00e1ch. Finsko hl\u00e1silo nejtvrd\u0161\u00ed zimu za posledn\u00edch 10 let a par\u00e1dn\u00ed podm\u00ednky na mo\u0159i mezi Turku a \u00c5landami. Proto\u017ee je led na\u0161\u00edm velk\u00fdm kon\u00ed\u010dkem vyrazili jsme.<\/p>\n<p>\u00dakolem bylo dostat se po ledu p\u0159es mo\u0159e na \u00c5landy na ledob\u011b\u017ek\u00e1ch, co\u017e je takov\u00fd pon\u011bkud nezvykl\u00fd kon\u00ed\u010dek, kter\u00fd doporu\u010dujeme tak\u00e9 vyzkou\u0161et. Nicm\u00e9n\u011b, proto\u017ee zamrzl\u00e9 mo\u0159e prot\u00ednaj\u00ed lodn\u00ed cesty, vzali jsme s sebou pro jistotu Eddyho. Kdy\u017e toti\u017e k takov\u00e9m kan\u00e1lu dojedete d\u0159\u00edve ne\u017e p\u00e1r hodin po pr\u016fjezdu lodi, je nutn\u00e9 se p\u0159eplavit (nebo p\u0159eplavat).<\/p>\n<p><img decoding=\"async\" class=\"size-large wp-image-2816 aligncenter\" src=\"https:\/\/ultimapackrafts.cz\/wp-content\/uploads\/2024\/03\/20240212_141117-1024x577.webp\" alt=\"Packraft Eddy SB\" width=\"1024\" height=\"577\" \/><\/p>\n<p>A pro\u010d \u201eesb\u00e9\u010dko\u201c. Ide\u00e1ln\u00ed by byl malinkat\u00fd nejleh\u010d\u00ed <a href=\"https:\/\/ultimapackrafts.cz\/wader\/\">Wader<\/a>, nicm\u00e9n\u011b Alpo m\u011bl racion\u00e1ln\u00ed obavy, \u017ee z lodi, kter\u00e1 nen\u00ed samovyl\u00e9vac\u00ed, nedostaneme p\u0159\u00edpadnou vodu a cel\u00e9 n\u00e1m to pak zamrzne.<\/p>\n<p>Packraftov\u00fd n\u00e1pad se nakonec osv\u011bd\u010dil. Jak to b\u00fdv\u00e1, p\u0159i n\u00e1vratu, kdy jsme nejv\u00edce sp\u011bchali, jsme narazili na nezamrzlou cestu, kter\u00e1 ne\u0161la p\u0159ekro\u010dit suchou nohou. Na \u0159adu p\u0159i\u0161el Alpo v such\u00e1\u010di, kter\u00fd p\u0159eplaval na druhou stranu a h\u00e1ze\u010dkou n\u00e1s na packraftu p\u0159etahal za n\u00edm.<\/p>\n<div class=\"video-shortcode\"><iframe title=\"Packraft Ultima Eddy SB - ice adventure\" width=\"1200\" height=\"675\" src=\"https:\/\/www.youtube.com\/embed\/NY_KXTYDfp4?feature=oembed\" frameborder=\"0\" allow=\"accelerometer; autoplay; clipboard-write; encrypted-media; gyroscope; picture-in-picture; web-share\" referrerpolicy=\"strict-origin-when-cross-origin\" allowfullscreen><\/iframe><\/div>\n<p><a href=\"https:\/\/ultimapackrafts.cz\/eddy-sb\/\">Eddy SB<\/a> v\u0161e p\u0159e\u017eil bez probl\u00e9mu. A to jsme m\u011bli na nohou atletick\u00e9 tretry s h\u0159eb\u00edky (jinak se na ledob\u011b\u017ece od ledu neodraz\u00edte).<\/p>\n<p>Cel\u00fd p\u0159\u00edb\u011bh na\u0161eho putov\u00e1n\u00ed naleznete v samostatn\u00e9m \u010dl\u00e1nku v sekci o na\u0161ich v\u00fdprav\u00e1ch.<\/p>\n\n\t\t<style>\n\t\t\t#gallery-1 {\n\t\t\t\tmargin: auto;\n\t\t\t}\n\t\t\t#gallery-1 .gallery-item {\n\t\t\t\tfloat: left;\n\t\t\t\tmargin-top: 10px;\n\t\t\t\ttext-align: center;\n\t\t\t\twidth: 33%;\n\t\t\t}\n\t\t\t#gallery-1 img {\n\t\t\t\tborder: 2px solid #cfcfcf;\n\t\t\t}\n\t\t\t#gallery-1 .gallery-caption {\n\t\t\t\tmargin-left: 0;\n\t\t\t}\n\t\t\t\/* see gallery_shortcode() in wp-includes\/media.php *\/\n\t\t<\/style>\n\t\t<div id='gallery-1' class='gallery galleryid-2812 gallery-columns-3 gallery-size-thumbnail'><dl class='gallery-item'>\n\t\t\t<dt class='gallery-icon landscape'>\n\t\t\t\t<a data-rel=\"iLightbox[postimages]\" data-title=\"20240212_140013\" data-caption=\"\" href='https:\/\/ultimapackrafts.cz\/en\/packraft-eddy-sb-na-zamrzlem-mori\/20240212_140013\/'><img decoding=\"async\" width=\"150\" height=\"150\" src=\"https:\/\/ultimapackrafts.cz\/wp-content\/uploads\/2024\/03\/20240212_140013-150x150.jpg\" class=\"attachment-thumbnail size-thumbnail\" alt=\"\" srcset=\"https:\/\/ultimapackrafts.cz\/wp-content\/uploads\/2024\/03\/20240212_140013-150x150.jpg 150w, https:\/\/ultimapackrafts.cz\/wp-content\/uploads\/2024\/03\/20240212_140013-200x200.jpg 200w\" sizes=\"(max-width: 150px) 100vw, 150px\" \/><\/a>\n\t\t\t<\/dt><\/dl><dl class='gallery-item'>\n\t\t\t<dt class='gallery-icon landscape'>\n\t\t\t\t<a data-rel=\"iLightbox[postimages]\" data-title=\"20240212_140705\" data-caption=\"\" href='https:\/\/ultimapackrafts.cz\/en\/packraft-eddy-sb-na-zamrzlem-mori\/20240212_140705\/'><img decoding=\"async\" width=\"150\" height=\"150\" src=\"https:\/\/ultimapackrafts.cz\/wp-content\/uploads\/2024\/03\/20240212_140705-150x150.jpg\" class=\"attachment-thumbnail size-thumbnail\" alt=\"\" srcset=\"https:\/\/ultimapackrafts.cz\/wp-content\/uploads\/2024\/03\/20240212_140705-150x150.jpg 150w, https:\/\/ultimapackrafts.cz\/wp-content\/uploads\/2024\/03\/20240212_140705-200x200.jpg 200w\" sizes=\"(max-width: 150px) 100vw, 150px\" \/><\/a>\n\t\t\t<\/dt><\/dl><dl class='gallery-item'>\n\t\t\t<dt class='gallery-icon landscape'>\n\t\t\t\t<a data-rel=\"iLightbox[postimages]\" data-title=\"20240212_141108\" data-caption=\"\" href='https:\/\/ultimapackrafts.cz\/en\/packraft-eddy-sb-na-zamrzlem-mori\/20240212_141108\/'><img decoding=\"async\" width=\"150\" height=\"150\" src=\"https:\/\/ultimapackrafts.cz\/wp-content\/uploads\/2024\/03\/20240212_141108-150x150.jpg\" class=\"attachment-thumbnail size-thumbnail\" alt=\"\" srcset=\"https:\/\/ultimapackrafts.cz\/wp-content\/uploads\/2024\/03\/20240212_141108-150x150.jpg 150w, https:\/\/ultimapackrafts.cz\/wp-content\/uploads\/2024\/03\/20240212_141108-200x200.jpg 200w\" sizes=\"(max-width: 150px) 100vw, 150px\" \/><\/a>\n\t\t\t<\/dt><\/dl><br style=\"clear: both\" \/><dl class='gallery-item'>\n\t\t\t<dt class='gallery-icon landscape'>\n\t\t\t\t<a data-rel=\"iLightbox[postimages]\" data-title=\"Packraft Eddy SB\" data-caption=\"\" href='https:\/\/ultimapackrafts.cz\/en\/packraft-eddy-sb-na-zamrzlem-mori\/20240212_141117\/'><img decoding=\"async\" width=\"150\" height=\"150\" src=\"https:\/\/ultimapackrafts.cz\/wp-content\/uploads\/2024\/03\/20240212_141117-150x150.jpg\" class=\"attachment-thumbnail size-thumbnail\" alt=\"Packraft Eddy SB\" srcset=\"https:\/\/ultimapackrafts.cz\/wp-content\/uploads\/2024\/03\/20240212_141117-150x150.jpg 150w, https:\/\/ultimapackrafts.cz\/wp-content\/uploads\/2024\/03\/20240212_141117-200x200.jpg 200w\" sizes=\"(max-width: 150px) 100vw, 150px\" \/><\/a>\n\t\t\t<\/dt><\/dl><dl class='gallery-item'>\n\t\t\t<dt class='gallery-icon landscape'>\n\t\t\t\t<a data-rel=\"iLightbox[postimages]\" data-title=\"Packraft Eddy SB\" data-caption=\"\" href='https:\/\/ultimapackrafts.cz\/en\/packraft-eddy-sb-na-zamrzlem-mori\/20240212_141122\/'><img decoding=\"async\" width=\"150\" height=\"150\" src=\"https:\/\/ultimapackrafts.cz\/wp-content\/uploads\/2024\/03\/20240212_141122-150x150.jpg\" class=\"attachment-thumbnail size-thumbnail\" alt=\"Packraft Eddy SB\" srcset=\"https:\/\/ultimapackrafts.cz\/wp-content\/uploads\/2024\/03\/20240212_141122-150x150.jpg 150w, https:\/\/ultimapackrafts.cz\/wp-content\/uploads\/2024\/03\/20240212_141122-200x200.jpg 200w\" sizes=\"(max-width: 150px) 100vw, 150px\" \/><\/a>\n\t\t\t<\/dt><\/dl><dl class='gallery-item'>\n\t\t\t<dt class='gallery-icon landscape'>\n\t\t\t\t<a data-rel=\"iLightbox[postimages]\" data-title=\"20240212_141130\" data-caption=\"\" href='https:\/\/ultimapackrafts.cz\/en\/packraft-eddy-sb-na-zamrzlem-mori\/20240212_141130\/'><img decoding=\"async\" width=\"150\" height=\"150\" src=\"https:\/\/ultimapackrafts.cz\/wp-content\/uploads\/2024\/03\/20240212_141130-150x150.jpg\" class=\"attachment-thumbnail size-thumbnail\" alt=\"\" srcset=\"https:\/\/ultimapackrafts.cz\/wp-content\/uploads\/2024\/03\/20240212_141130-150x150.jpg 150w, https:\/\/ultimapackrafts.cz\/wp-content\/uploads\/2024\/03\/20240212_141130-200x200.jpg 200w\" sizes=\"(max-width: 150px) 100vw, 150px\" \/><\/a>\n\t\t\t<\/dt><\/dl><br style=\"clear: both\" \/>\n\t\t<\/div>\n\n<\/div><\/div><\/div><\/div><\/div>\n","protected":false},"excerpt":{"rendered":"<p>We tested the Selfbailer Eddy SB in February in unusual conditions. Finland reported the harshest winter in 10 years and great sea conditions between Turku and Alandami. Since ice is our big hobby we went.<\/p>","protected":false},"author":1,"featured_media":2817,"comment_status":"open","ping_status":"open","sticky":false,"template":"","format":"standard","meta":{"_acf_changed":false,"footnotes":""},"categories":[41,229],"tags":[],"class_list":["post-2812","post","type-post","status-publish","format-standard","has-post-thumbnail","hentry","category-ultima-packrafts-vypravy","category-expedice"],"acf":[],"_links":{"self":[{"href":"https:\/\/ultimapackrafts.cz\/en\/wp-json\/wp\/v2\/posts\/2812","targetHints":{"allow":["GET"]}}],"collection":[{"href":"https:\/\/ultimapackrafts.cz\/en\/wp-json\/wp\/v2\/posts"}],"about":[{"href":"https:\/\/ultimapackrafts.cz\/en\/wp-json\/wp\/v2\/types\/post"}],"author":[{"embeddable":true,"href":"https:\/\/ultimapackrafts.cz\/en\/wp-json\/wp\/v2\/users\/1"}],"replies":[{"embeddable":true,"href":"https:\/\/ultimapackrafts.cz\/en\/wp-json\/wp\/v2\/comments?post=2812"}],"version-history":[{"count":8,"href":"https:\/\/ultimapackrafts.cz\/en\/wp-json\/wp\/v2\/posts\/2812\/revisions"}],"predecessor-version":[{"id":3536,"href":"https:\/\/ultimapackrafts.cz\/en\/wp-json\/wp\/v2\/posts\/2812\/revisions\/3536"}],"wp:featuredmedia":[{"embeddable":true,"href":"https:\/\/ultimapackrafts.cz\/en\/wp-json\/wp\/v2\/media\/2817"}],"wp:attachment":[{"href":"https:\/\/ultimapackrafts.cz\/en\/wp-json\/wp\/v2\/media?parent=2812"}],"wp:term":[{"taxonomy":"category","embeddable":true,"href":"https:\/\/ultimapackrafts.cz\/en\/wp-json\/wp\/v2\/categories?post=2812"},{"taxonomy":"post_tag","embeddable":true,"href":"https:\/\/ultimapackrafts.cz\/en\/wp-json\/wp\/v2\/tags?post=2812"}],"curies":[{"name":"wp","href":"https:\/\/api.w.org\/{rel}","templated":true}]}}