{"id":2776,"date":"2024-03-01T17:25:48","date_gmt":"2024-03-01T16:25:48","guid":{"rendered":"https:\/\/ultimapackrafts.cz\/?p=2776"},"modified":"2025-11-12T11:53:20","modified_gmt":"2025-11-12T10:53:20","slug":"s-packrafty-sami-na-vltave","status":"publish","type":"post","link":"https:\/\/ultimapackrafts.cz\/en\/s-packrafty-sami-na-vltave\/","title":{"rendered":"With packrafts alone on Moldau"},"content":{"rendered":"<p>M\u00edt Vltavu pro sebe? Jde to! Tepl\u00fd podzim, rychl\u00e1 akce a za n\u00e1s nejhez\u010d\u00ed \u00fasek Vltavy Zlat\u00e1 Koruna &#8211; Bor\u0161ov. Dva packrafte\u0159i sami na Vltav\u011b&#8230;<\/p>\n<p><img decoding=\"async\" class=\"size-large wp-image-2790 aligncenter\" src=\"https:\/\/ultimapackrafts.cz\/wp-content\/uploads\/2024\/03\/DSC04768-1024x683.webp\" alt=\"Packrafty Eddy na Vltav\u011b\" width=\"1024\" height=\"683\" \/><\/p>\n<p>Neskute\u010dn\u00fdch 17 stup\u0148\u016f na konci \u0159\u00edjna znamenalo rychlou akci. P\u016fvodn\u011b jsme cht\u011bli na Teplou Vltavu, ale bohu\u017eel byla o t\u0159i centimetry nesj\u00edzdn\u00e1. N\u00e1hradn\u00edm \u0159e\u0161en\u00edm tedy byl m\u016fj obl\u00edben\u00fd \u00fasek ze Zlat\u00e9 Koruny.<\/p>\n<p>Berem vl\u00e1\u010dek z Bud\u011bjovic a za p\u016fl hodinky u\u017e vyskakujeme ve Zlat\u00e9 Korun\u011b. Sta\u010d\u00ed seb\u011bhnout dol\u016f, nafouknout packrafty a u\u017e to mast\u00edme dol\u016f.<\/p>\n<p><img decoding=\"async\" class=\"size-large wp-image-2777 aligncenter\" src=\"https:\/\/ultimapackrafts.cz\/wp-content\/uploads\/2024\/03\/DSC04730-1024x683.webp\" alt=\"Packrafty Eddy na Vltav\u011b\" width=\"1024\" height=\"683\" \/><\/p>\n<p>&nbsp;<\/p>\n<p><img decoding=\"async\" class=\"size-large wp-image-2780 aligncenter\" src=\"https:\/\/ultimapackrafts.cz\/wp-content\/uploads\/2024\/03\/DSC04736-1024x683.webp\" alt=\"\" width=\"1024\" height=\"683\" \/><\/p>\n<p>V r\u00e1mci nikdy nekon\u010d\u00edc\u00ed testova\u010dky na\u0161ich Ultima packraft\u016f jsme vzali Trampa a Eddyho, kte\u0159\u00ed byli sv\u011bdky nev\u00eddan\u00e9ho. Obrovsk\u00fd kemp ve Zlat\u00e9 Korun\u011b &#8211; nula lid\u00ed, louka u Placek u Rohana &#8211; nikde nikdo, U Kelta &#8211; nikdo, D\u00edv\u010d\u00ed K\u00e1men &#8211; \u00fapln\u011b sami. A tak d\u00e1le a tak d\u00e1le a\u017e do Bor\u0161ova.<\/p>\n<p><img decoding=\"async\" class=\"size-large wp-image-2787 aligncenter\" src=\"https:\/\/ultimapackrafts.cz\/wp-content\/uploads\/2024\/03\/DSC04750-1024x683.webp\" alt=\"Packraft Eddy na Vltav\u011b\" width=\"1024\" height=\"683\" \/><\/p>\n<p><img decoding=\"async\" class=\"size-large wp-image-2796 aligncenter\" src=\"https:\/\/ultimapackrafts.cz\/wp-content\/uploads\/2024\/03\/DSC04846-1024x683.webp\" alt=\"Packraft Tramp na Vltav\u011b\" width=\"1024\" height=\"683\" \/><\/p>\n<p>Pak u\u017e jen podve\u010dern\u00ed vl\u00e1\u010dek zp\u011bt, doma pov\u011bsit lo\u010f na vzduch, k tomu pivo do ruky a nazdar.<\/p>\n<p>Par\u00e1dn\u00ed den na vod\u011b. V\u00edc si nebylo, co p\u0159\u00e1t&#8230;<\/p>\n\n\t\t<style>\n\t\t\t#gallery-1 {\n\t\t\t\tmargin: auto;\n\t\t\t}\n\t\t\t#gallery-1 .gallery-item {\n\t\t\t\tfloat: left;\n\t\t\t\tmargin-top: 10px;\n\t\t\t\ttext-align: center;\n\t\t\t\twidth: 33%;\n\t\t\t}\n\t\t\t#gallery-1 img {\n\t\t\t\tborder: 2px solid #cfcfcf;\n\t\t\t}\n\t\t\t#gallery-1 .gallery-caption {\n\t\t\t\tmargin-left: 0;\n\t\t\t}\n\t\t\t\/* see gallery_shortcode() in wp-includes\/media.php *\/\n\t\t<\/style>\n\t\t<div id='gallery-1' class='gallery galleryid-2776 gallery-columns-3 gallery-size-thumbnail'><dl class='gallery-item'>\n\t\t\t<dt class='gallery-icon landscape'>\n\t\t\t\t<a data-rel=\"iLightbox[postimages]\" data-title=\"Packrafty Eddy na Vltav\u011b\" data-caption=\"\" href='https:\/\/ultimapackrafts.cz\/en\/s-packrafty-sami-na-vltave\/dsc04730-2\/'><img decoding=\"async\" width=\"150\" height=\"150\" src=\"https:\/\/ultimapackrafts.cz\/wp-content\/uploads\/2024\/03\/DSC04730-150x150.jpg\" class=\"attachment-thumbnail size-thumbnail\" alt=\"Packrafty Eddy na Vltav\u011b\" srcset=\"https:\/\/ultimapackrafts.cz\/wp-content\/uploads\/2024\/03\/DSC04730-150x150.jpg 150w, https:\/\/ultimapackrafts.cz\/wp-content\/uploads\/2024\/03\/DSC04730-200x200.jpg 200w\" sizes=\"(max-width: 150px) 100vw, 150px\" \/><\/a>\n\t\t\t<\/dt><\/dl><dl class='gallery-item'>\n\t\t\t<dt class='gallery-icon landscape'>\n\t\t\t\t<a data-rel=\"iLightbox[postimages]\" data-title=\"DSC04731\" data-caption=\"\" href='https:\/\/ultimapackrafts.cz\/en\/s-packrafty-sami-na-vltave\/dsc04731-3\/'><img decoding=\"async\" width=\"150\" height=\"150\" src=\"https:\/\/ultimapackrafts.cz\/wp-content\/uploads\/2024\/03\/DSC04731-150x150.jpg\" class=\"attachment-thumbnail size-thumbnail\" alt=\"\" srcset=\"https:\/\/ultimapackrafts.cz\/wp-content\/uploads\/2024\/03\/DSC04731-150x150.jpg 150w, https:\/\/ultimapackrafts.cz\/wp-content\/uploads\/2024\/03\/DSC04731-200x200.jpg 200w\" sizes=\"(max-width: 150px) 100vw, 150px\" \/><\/a>\n\t\t\t<\/dt><\/dl><dl class='gallery-item'>\n\t\t\t<dt class='gallery-icon landscape'>\n\t\t\t\t<a data-rel=\"iLightbox[postimages]\" data-title=\"DSC04733\" data-caption=\"\" href='https:\/\/ultimapackrafts.cz\/en\/s-packrafty-sami-na-vltave\/dsc04733-2\/'><img decoding=\"async\" width=\"150\" height=\"150\" src=\"https:\/\/ultimapackrafts.cz\/wp-content\/uploads\/2024\/03\/DSC04733-150x150.jpg\" class=\"attachment-thumbnail size-thumbnail\" alt=\"\" srcset=\"https:\/\/ultimapackrafts.cz\/wp-content\/uploads\/2024\/03\/DSC04733-150x150.jpg 150w, https:\/\/ultimapackrafts.cz\/wp-content\/uploads\/2024\/03\/DSC04733-200x200.jpg 200w\" sizes=\"(max-width: 150px) 100vw, 150px\" \/><\/a>\n\t\t\t<\/dt><\/dl><br style=\"clear: both\" \/><dl class='gallery-item'>\n\t\t\t<dt class='gallery-icon landscape'>\n\t\t\t\t<a data-rel=\"iLightbox[postimages]\" data-title=\"DSC04736\" data-caption=\"\" href='https:\/\/ultimapackrafts.cz\/en\/s-packrafty-sami-na-vltave\/dsc04736\/'><img decoding=\"async\" width=\"150\" height=\"150\" src=\"https:\/\/ultimapackrafts.cz\/wp-content\/uploads\/2024\/03\/DSC04736-150x150.jpg\" class=\"attachment-thumbnail size-thumbnail\" alt=\"\" srcset=\"https:\/\/ultimapackrafts.cz\/wp-content\/uploads\/2024\/03\/DSC04736-150x150.jpg 150w, https:\/\/ultimapackrafts.cz\/wp-content\/uploads\/2024\/03\/DSC04736-200x200.jpg 200w\" sizes=\"(max-width: 150px) 100vw, 150px\" \/><\/a>\n\t\t\t<\/dt><\/dl><dl class='gallery-item'>\n\t\t\t<dt class='gallery-icon landscape'>\n\t\t\t\t<a data-rel=\"iLightbox[postimages]\" data-title=\"DSC04739\" data-caption=\"\" href='https:\/\/ultimapackrafts.cz\/en\/s-packrafty-sami-na-vltave\/dsc04739\/'><img decoding=\"async\" width=\"150\" height=\"150\" src=\"https:\/\/ultimapackrafts.cz\/wp-content\/uploads\/2024\/03\/DSC04739-150x150.jpg\" class=\"attachment-thumbnail size-thumbnail\" alt=\"\" srcset=\"https:\/\/ultimapackrafts.cz\/wp-content\/uploads\/2024\/03\/DSC04739-150x150.jpg 150w, https:\/\/ultimapackrafts.cz\/wp-content\/uploads\/2024\/03\/DSC04739-200x200.jpg 200w\" sizes=\"(max-width: 150px) 100vw, 150px\" \/><\/a>\n\t\t\t<\/dt><\/dl><dl class='gallery-item'>\n\t\t\t<dt class='gallery-icon landscape'>\n\t\t\t\t<a data-rel=\"iLightbox[postimages]\" data-title=\"DSC04740\" data-caption=\"\" href='https:\/\/ultimapackrafts.cz\/en\/s-packrafty-sami-na-vltave\/dsc04740\/'><img decoding=\"async\" width=\"150\" height=\"150\" src=\"https:\/\/ultimapackrafts.cz\/wp-content\/uploads\/2024\/03\/DSC04740-150x150.jpg\" class=\"attachment-thumbnail size-thumbnail\" alt=\"\" srcset=\"https:\/\/ultimapackrafts.cz\/wp-content\/uploads\/2024\/03\/DSC04740-150x150.jpg 150w, https:\/\/ultimapackrafts.cz\/wp-content\/uploads\/2024\/03\/DSC04740-200x200.jpg 200w\" sizes=\"(max-width: 150px) 100vw, 150px\" \/><\/a>\n\t\t\t<\/dt><\/dl><br style=\"clear: both\" \/><dl class='gallery-item'>\n\t\t\t<dt class='gallery-icon landscape'>\n\t\t\t\t<a data-rel=\"iLightbox[postimages]\" data-title=\"DSC04743\" data-caption=\"\" href='https:\/\/ultimapackrafts.cz\/en\/s-packrafty-sami-na-vltave\/dsc04743-2\/'><img decoding=\"async\" width=\"150\" height=\"150\" src=\"https:\/\/ultimapackrafts.cz\/wp-content\/uploads\/2024\/03\/DSC04743-150x150.jpg\" class=\"attachment-thumbnail size-thumbnail\" alt=\"\" srcset=\"https:\/\/ultimapackrafts.cz\/wp-content\/uploads\/2024\/03\/DSC04743-150x150.jpg 150w, https:\/\/ultimapackrafts.cz\/wp-content\/uploads\/2024\/03\/DSC04743-200x200.jpg 200w\" sizes=\"(max-width: 150px) 100vw, 150px\" \/><\/a>\n\t\t\t<\/dt><\/dl><dl class='gallery-item'>\n\t\t\t<dt class='gallery-icon landscape'>\n\t\t\t\t<a data-rel=\"iLightbox[postimages]\" data-title=\"DSC04744\" data-caption=\"\" href='https:\/\/ultimapackrafts.cz\/en\/s-packrafty-sami-na-vltave\/dsc04744-2\/'><img decoding=\"async\" width=\"150\" height=\"150\" src=\"https:\/\/ultimapackrafts.cz\/wp-content\/uploads\/2024\/03\/DSC04744-150x150.jpg\" class=\"attachment-thumbnail size-thumbnail\" alt=\"\" srcset=\"https:\/\/ultimapackrafts.cz\/wp-content\/uploads\/2024\/03\/DSC04744-150x150.jpg 150w, https:\/\/ultimapackrafts.cz\/wp-content\/uploads\/2024\/03\/DSC04744-200x200.jpg 200w\" sizes=\"(max-width: 150px) 100vw, 150px\" \/><\/a>\n\t\t\t<\/dt><\/dl><dl class='gallery-item'>\n\t\t\t<dt class='gallery-icon landscape'>\n\t\t\t\t<a data-rel=\"iLightbox[postimages]\" data-title=\"DSC04745\" data-caption=\"\" href='https:\/\/ultimapackrafts.cz\/en\/s-packrafty-sami-na-vltave\/dsc04745-2\/'><img decoding=\"async\" width=\"150\" height=\"150\" src=\"https:\/\/ultimapackrafts.cz\/wp-content\/uploads\/2024\/03\/DSC04745-150x150.jpg\" class=\"attachment-thumbnail size-thumbnail\" alt=\"\" srcset=\"https:\/\/ultimapackrafts.cz\/wp-content\/uploads\/2024\/03\/DSC04745-150x150.jpg 150w, https:\/\/ultimapackrafts.cz\/wp-content\/uploads\/2024\/03\/DSC04745-200x200.jpg 200w\" sizes=\"(max-width: 150px) 100vw, 150px\" \/><\/a>\n\t\t\t<\/dt><\/dl><br style=\"clear: both\" \/><dl class='gallery-item'>\n\t\t\t<dt class='gallery-icon landscape'>\n\t\t\t\t<a data-rel=\"iLightbox[postimages]\" data-title=\"DSC04747\" data-caption=\"\" href='https:\/\/ultimapackrafts.cz\/en\/s-packrafty-sami-na-vltave\/dsc04747\/'><img decoding=\"async\" width=\"150\" height=\"150\" src=\"https:\/\/ultimapackrafts.cz\/wp-content\/uploads\/2024\/03\/DSC04747-150x150.jpg\" class=\"attachment-thumbnail size-thumbnail\" alt=\"\" srcset=\"https:\/\/ultimapackrafts.cz\/wp-content\/uploads\/2024\/03\/DSC04747-150x150.jpg 150w, https:\/\/ultimapackrafts.cz\/wp-content\/uploads\/2024\/03\/DSC04747-200x200.jpg 200w\" sizes=\"(max-width: 150px) 100vw, 150px\" \/><\/a>\n\t\t\t<\/dt><\/dl><dl class='gallery-item'>\n\t\t\t<dt class='gallery-icon landscape'>\n\t\t\t\t<a data-rel=\"iLightbox[postimages]\" data-title=\"DSC04753\" data-caption=\"\" href='https:\/\/ultimapackrafts.cz\/en\/s-packrafty-sami-na-vltave\/dsc04753-2\/'><img decoding=\"async\" width=\"150\" height=\"150\" src=\"https:\/\/ultimapackrafts.cz\/wp-content\/uploads\/2024\/03\/DSC04753-150x150.jpg\" class=\"attachment-thumbnail size-thumbnail\" alt=\"\" srcset=\"https:\/\/ultimapackrafts.cz\/wp-content\/uploads\/2024\/03\/DSC04753-150x150.jpg 150w, https:\/\/ultimapackrafts.cz\/wp-content\/uploads\/2024\/03\/DSC04753-200x200.jpg 200w\" sizes=\"(max-width: 150px) 100vw, 150px\" \/><\/a>\n\t\t\t<\/dt><\/dl><dl class='gallery-item'>\n\t\t\t<dt class='gallery-icon landscape'>\n\t\t\t\t<a data-rel=\"iLightbox[postimages]\" data-title=\"DSC04757\" data-caption=\"\" href='https:\/\/ultimapackrafts.cz\/en\/s-packrafty-sami-na-vltave\/dsc04757\/'><img decoding=\"async\" width=\"150\" height=\"150\" src=\"https:\/\/ultimapackrafts.cz\/wp-content\/uploads\/2024\/03\/DSC04757-150x150.jpg\" class=\"attachment-thumbnail size-thumbnail\" alt=\"\" srcset=\"https:\/\/ultimapackrafts.cz\/wp-content\/uploads\/2024\/03\/DSC04757-150x150.jpg 150w, https:\/\/ultimapackrafts.cz\/wp-content\/uploads\/2024\/03\/DSC04757-200x200.jpg 200w\" sizes=\"(max-width: 150px) 100vw, 150px\" \/><\/a>\n\t\t\t<\/dt><\/dl><br style=\"clear: both\" \/><dl class='gallery-item'>\n\t\t\t<dt class='gallery-icon landscape'>\n\t\t\t\t<a data-rel=\"iLightbox[postimages]\" data-title=\"Packrafty Eddy na Vltav\u011b\" data-caption=\"\" href='https:\/\/ultimapackrafts.cz\/en\/s-packrafty-sami-na-vltave\/dsc04768-2\/'><img decoding=\"async\" width=\"150\" height=\"150\" src=\"https:\/\/ultimapackrafts.cz\/wp-content\/uploads\/2024\/03\/DSC04768-150x150.jpg\" class=\"attachment-thumbnail size-thumbnail\" alt=\"Packrafty Eddy na Vltav\u011b\" srcset=\"https:\/\/ultimapackrafts.cz\/wp-content\/uploads\/2024\/03\/DSC04768-150x150.jpg 150w, https:\/\/ultimapackrafts.cz\/wp-content\/uploads\/2024\/03\/DSC04768-200x200.jpg 200w\" sizes=\"(max-width: 150px) 100vw, 150px\" \/><\/a>\n\t\t\t<\/dt><\/dl><dl class='gallery-item'>\n\t\t\t<dt class='gallery-icon landscape'>\n\t\t\t\t<a data-rel=\"iLightbox[postimages]\" data-title=\"DSC04782\" data-caption=\"\" href='https:\/\/ultimapackrafts.cz\/en\/s-packrafty-sami-na-vltave\/dsc04782\/'><img decoding=\"async\" width=\"150\" height=\"150\" src=\"https:\/\/ultimapackrafts.cz\/wp-content\/uploads\/2024\/03\/DSC04782-jpg-150x150.webp\" class=\"attachment-thumbnail size-thumbnail\" alt=\"\" srcset=\"https:\/\/ultimapackrafts.cz\/wp-content\/uploads\/2024\/03\/DSC04782-jpg-150x150.webp 150w, https:\/\/ultimapackrafts.cz\/wp-content\/uploads\/2024\/03\/DSC04782-jpg-200x200.webp 200w\" sizes=\"(max-width: 150px) 100vw, 150px\" \/><\/a>\n\t\t\t<\/dt><\/dl><dl class='gallery-item'>\n\t\t\t<dt class='gallery-icon landscape'>\n\t\t\t\t<a data-rel=\"iLightbox[postimages]\" data-title=\"DSC04807\" data-caption=\"\" href='https:\/\/ultimapackrafts.cz\/en\/s-packrafty-sami-na-vltave\/dsc04807\/'><img decoding=\"async\" width=\"150\" height=\"150\" src=\"https:\/\/ultimapackrafts.cz\/wp-content\/uploads\/2024\/03\/DSC04807-150x150.jpg\" class=\"attachment-thumbnail size-thumbnail\" alt=\"\" srcset=\"https:\/\/ultimapackrafts.cz\/wp-content\/uploads\/2024\/03\/DSC04807-150x150.jpg 150w, https:\/\/ultimapackrafts.cz\/wp-content\/uploads\/2024\/03\/DSC04807-200x200.jpg 200w\" sizes=\"(max-width: 150px) 100vw, 150px\" \/><\/a>\n\t\t\t<\/dt><\/dl><br style=\"clear: both\" \/><dl class='gallery-item'>\n\t\t\t<dt class='gallery-icon landscape'>\n\t\t\t\t<a data-rel=\"iLightbox[postimages]\" data-title=\"DSC04821\" data-caption=\"\" href='https:\/\/ultimapackrafts.cz\/en\/s-packrafty-sami-na-vltave\/dsc04821\/'><img decoding=\"async\" width=\"150\" height=\"150\" src=\"https:\/\/ultimapackrafts.cz\/wp-content\/uploads\/2024\/03\/DSC04821-150x150.jpg\" class=\"attachment-thumbnail size-thumbnail\" alt=\"\" srcset=\"https:\/\/ultimapackrafts.cz\/wp-content\/uploads\/2024\/03\/DSC04821-150x150.jpg 150w, https:\/\/ultimapackrafts.cz\/wp-content\/uploads\/2024\/03\/DSC04821-200x200.jpg 200w\" sizes=\"(max-width: 150px) 100vw, 150px\" \/><\/a>\n\t\t\t<\/dt><\/dl><dl class='gallery-item'>\n\t\t\t<dt class='gallery-icon landscape'>\n\t\t\t\t<a data-rel=\"iLightbox[postimages]\" data-title=\"DSC04838\" data-caption=\"\" href='https:\/\/ultimapackrafts.cz\/en\/s-packrafty-sami-na-vltave\/dsc04838\/'><img decoding=\"async\" width=\"150\" height=\"150\" src=\"https:\/\/ultimapackrafts.cz\/wp-content\/uploads\/2024\/03\/DSC04838-150x150.jpg\" class=\"attachment-thumbnail size-thumbnail\" alt=\"\" srcset=\"https:\/\/ultimapackrafts.cz\/wp-content\/uploads\/2024\/03\/DSC04838-150x150.jpg 150w, https:\/\/ultimapackrafts.cz\/wp-content\/uploads\/2024\/03\/DSC04838-200x200.jpg 200w\" sizes=\"(max-width: 150px) 100vw, 150px\" \/><\/a>\n\t\t\t<\/dt><\/dl><dl class='gallery-item'>\n\t\t\t<dt class='gallery-icon landscape'>\n\t\t\t\t<a data-rel=\"iLightbox[postimages]\" data-title=\"DSC04842\" data-caption=\"\" href='https:\/\/ultimapackrafts.cz\/en\/s-packrafty-sami-na-vltave\/dsc04842\/'><img decoding=\"async\" width=\"150\" height=\"150\" src=\"https:\/\/ultimapackrafts.cz\/wp-content\/uploads\/2024\/03\/DSC04842-150x150.jpg\" class=\"attachment-thumbnail size-thumbnail\" alt=\"\" srcset=\"https:\/\/ultimapackrafts.cz\/wp-content\/uploads\/2024\/03\/DSC04842-150x150.jpg 150w, https:\/\/ultimapackrafts.cz\/wp-content\/uploads\/2024\/03\/DSC04842-200x200.jpg 200w\" sizes=\"(max-width: 150px) 100vw, 150px\" \/><\/a>\n\t\t\t<\/dt><\/dl><br style=\"clear: both\" \/><dl class='gallery-item'>\n\t\t\t<dt class='gallery-icon landscape'>\n\t\t\t\t<a data-rel=\"iLightbox[postimages]\" data-title=\"Packraft Tramp na Vltav\u011b\" data-caption=\"\" href='https:\/\/ultimapackrafts.cz\/en\/s-packrafty-sami-na-vltave\/dsc04846\/'><img decoding=\"async\" width=\"150\" height=\"150\" src=\"https:\/\/ultimapackrafts.cz\/wp-content\/uploads\/2024\/03\/DSC04846-150x150.jpg\" class=\"attachment-thumbnail size-thumbnail\" alt=\"Packraft Tramp na Vltav\u011b\" srcset=\"https:\/\/ultimapackrafts.cz\/wp-content\/uploads\/2024\/03\/DSC04846-150x150.jpg 150w, https:\/\/ultimapackrafts.cz\/wp-content\/uploads\/2024\/03\/DSC04846-200x200.jpg 200w\" sizes=\"(max-width: 150px) 100vw, 150px\" \/><\/a>\n\t\t\t<\/dt><\/dl><dl class='gallery-item'>\n\t\t\t<dt class='gallery-icon landscape'>\n\t\t\t\t<a data-rel=\"iLightbox[postimages]\" data-title=\"DSC04848\" data-caption=\"\" href='https:\/\/ultimapackrafts.cz\/en\/s-packrafty-sami-na-vltave\/dsc04848\/'><img decoding=\"async\" width=\"150\" height=\"150\" src=\"https:\/\/ultimapackrafts.cz\/wp-content\/uploads\/2024\/03\/DSC04848-150x150.jpg\" class=\"attachment-thumbnail size-thumbnail\" alt=\"\" srcset=\"https:\/\/ultimapackrafts.cz\/wp-content\/uploads\/2024\/03\/DSC04848-150x150.jpg 150w, https:\/\/ultimapackrafts.cz\/wp-content\/uploads\/2024\/03\/DSC04848-200x200.jpg 200w\" sizes=\"(max-width: 150px) 100vw, 150px\" \/><\/a>\n\t\t\t<\/dt><\/dl><dl class='gallery-item'>\n\t\t\t<dt class='gallery-icon landscape'>\n\t\t\t\t<a data-rel=\"iLightbox[postimages]\" data-title=\"DSC04852\" data-caption=\"\" href='https:\/\/ultimapackrafts.cz\/en\/s-packrafty-sami-na-vltave\/dsc04852\/'><img decoding=\"async\" width=\"150\" height=\"150\" src=\"https:\/\/ultimapackrafts.cz\/wp-content\/uploads\/2024\/03\/DSC04852-150x150.jpg\" class=\"attachment-thumbnail size-thumbnail\" alt=\"\" srcset=\"https:\/\/ultimapackrafts.cz\/wp-content\/uploads\/2024\/03\/DSC04852-150x150.jpg 150w, https:\/\/ultimapackrafts.cz\/wp-content\/uploads\/2024\/03\/DSC04852-200x200.jpg 200w\" sizes=\"(max-width: 150px) 100vw, 150px\" \/><\/a>\n\t\t\t<\/dt><\/dl><br style=\"clear: both\" \/><dl class='gallery-item'>\n\t\t\t<dt class='gallery-icon landscape'>\n\t\t\t\t<a data-rel=\"iLightbox[postimages]\" data-title=\"Ultima Packrafts\" data-caption=\"\" href='https:\/\/ultimapackrafts.cz\/en\/s-packrafty-sami-na-vltave\/dsc04864\/'><img decoding=\"async\" width=\"150\" height=\"150\" src=\"https:\/\/ultimapackrafts.cz\/wp-content\/uploads\/2024\/03\/DSC04864-150x150.jpg\" class=\"attachment-thumbnail size-thumbnail\" alt=\"Ultima Packrafts\" srcset=\"https:\/\/ultimapackrafts.cz\/wp-content\/uploads\/2024\/03\/DSC04864-150x150.jpg 150w, https:\/\/ultimapackrafts.cz\/wp-content\/uploads\/2024\/03\/DSC04864-200x200.jpg 200w\" sizes=\"(max-width: 150px) 100vw, 150px\" \/><\/a>\n\t\t\t<\/dt><\/dl><dl class='gallery-item'>\n\t\t\t<dt class='gallery-icon landscape'>\n\t\t\t\t<a data-rel=\"iLightbox[postimages]\" data-title=\"DSC04877\" data-caption=\"\" href='https:\/\/ultimapackrafts.cz\/en\/s-packrafty-sami-na-vltave\/dsc04877\/'><img decoding=\"async\" width=\"150\" height=\"150\" src=\"https:\/\/ultimapackrafts.cz\/wp-content\/uploads\/2024\/03\/DSC04877-150x150.jpg\" class=\"attachment-thumbnail size-thumbnail\" alt=\"\" srcset=\"https:\/\/ultimapackrafts.cz\/wp-content\/uploads\/2024\/03\/DSC04877-150x150.jpg 150w, https:\/\/ultimapackrafts.cz\/wp-content\/uploads\/2024\/03\/DSC04877-200x200.jpg 200w\" sizes=\"(max-width: 150px) 100vw, 150px\" \/><\/a>\n\t\t\t<\/dt><\/dl><dl class='gallery-item'>\n\t\t\t<dt class='gallery-icon landscape'>\n\t\t\t\t<a data-rel=\"iLightbox[postimages]\" data-title=\"DSC04881\" data-caption=\"\" href='https:\/\/ultimapackrafts.cz\/en\/s-packrafty-sami-na-vltave\/dsc04881\/'><img decoding=\"async\" width=\"150\" height=\"150\" src=\"https:\/\/ultimapackrafts.cz\/wp-content\/uploads\/2024\/03\/DSC04881-150x150.jpg\" class=\"attachment-thumbnail size-thumbnail\" alt=\"\" srcset=\"https:\/\/ultimapackrafts.cz\/wp-content\/uploads\/2024\/03\/DSC04881-150x150.jpg 150w, https:\/\/ultimapackrafts.cz\/wp-content\/uploads\/2024\/03\/DSC04881-200x200.jpg 200w\" sizes=\"(max-width: 150px) 100vw, 150px\" \/><\/a>\n\t\t\t<\/dt><\/dl><br style=\"clear: both\" \/>\n\t\t<\/div>\n\n","protected":false},"excerpt":{"rendered":"<p>Have the Vltava for yourself? It's possible! Warm autumn, fast action and for us the most beautiful stretch of the Vltava Zlat\u00e1 Koruna - Bor\u0161ov. Two packrafters alone on the Vltava... Unbelievable 17 degrees at the end of October meant fast action. Originally we wanted to go to the Tepl\u00e1 Vltava, but unfortunately it was three centimetres less navigable. So the alternative solution<\/p>","protected":false},"author":1,"featured_media":2790,"comment_status":"open","ping_status":"open","sticky":false,"template":"","format":"standard","meta":{"_acf_changed":false,"footnotes":""},"categories":[41,231],"tags":[],"class_list":["post-2776","post","type-post","status-publish","format-standard","has-post-thumbnail","hentry","category-ultima-packrafts-vypravy","category-nase-reky"],"acf":[],"_links":{"self":[{"href":"https:\/\/ultimapackrafts.cz\/en\/wp-json\/wp\/v2\/posts\/2776","targetHints":{"allow":["GET"]}}],"collection":[{"href":"https:\/\/ultimapackrafts.cz\/en\/wp-json\/wp\/v2\/posts"}],"about":[{"href":"https:\/\/ultimapackrafts.cz\/en\/wp-json\/wp\/v2\/types\/post"}],"author":[{"embeddable":true,"href":"https:\/\/ultimapackrafts.cz\/en\/wp-json\/wp\/v2\/users\/1"}],"replies":[{"embeddable":true,"href":"https:\/\/ultimapackrafts.cz\/en\/wp-json\/wp\/v2\/comments?post=2776"}],"version-history":[{"count":1,"href":"https:\/\/ultimapackrafts.cz\/en\/wp-json\/wp\/v2\/posts\/2776\/revisions"}],"predecessor-version":[{"id":3153,"href":"https:\/\/ultimapackrafts.cz\/en\/wp-json\/wp\/v2\/posts\/2776\/revisions\/3153"}],"wp:featuredmedia":[{"embeddable":true,"href":"https:\/\/ultimapackrafts.cz\/en\/wp-json\/wp\/v2\/media\/2790"}],"wp:attachment":[{"href":"https:\/\/ultimapackrafts.cz\/en\/wp-json\/wp\/v2\/media?parent=2776"}],"wp:term":[{"taxonomy":"category","embeddable":true,"href":"https:\/\/ultimapackrafts.cz\/en\/wp-json\/wp\/v2\/categories?post=2776"},{"taxonomy":"post_tag","embeddable":true,"href":"https:\/\/ultimapackrafts.cz\/en\/wp-json\/wp\/v2\/tags?post=2776"}],"curies":[{"name":"wp","href":"https:\/\/api.w.org\/{rel}","templated":true}]}}